{"id":3767,"date":"2021-04-26T18:35:36","date_gmt":"2021-04-26T17:35:36","guid":{"rendered":"https:\/\/nunovalentim.com\/casa-em-viana-do-castelo-finalist\/"},"modified":"2024-03-13T09:51:16","modified_gmt":"2024-03-13T09:51:16","slug":"casa-em-viana-do-castelo-finalist","status":"publish","type":"post","link":"https:\/\/nunovalentim.com\/en\/casa-em-viana-do-castelo-finalist\/","title":{"rendered":"Casa em Viana do Castelo &#8211; Finalist"},"content":{"rendered":"<p>The Viana do Castelo House is among the 18 finalists for the <a href=\"http:\/\/www.enor.es\/premio\/index.php\/2020\/04\/28\/finalistas-8\" target=\"_blank\" rel=\"noopener noreferrer\">Premio de Arquitectura Ascensores Enor 2020<\/a>.<\/p>\n<p>The jury includes Carlos Seoane (president), Carlos Quint\u00e1ns (secretary), Emilio Tu\u00f1\u00f3n (Gran Premio Enor 2017), Gra\u00e7a Correia, Arturo Franco y Mar\u00eda Gonz\u00e1lez.<\/p>\n<p>The winners will be announced in November.<\/p>\n","protected":false},"excerpt":{"rendered":"<p>The Viana do Castelo House is among the 18 finalists for the Premio de Arquitectura Ascensores Enor 2020. The jury includes Carlos Seoane (president), Carlos Quint\u00e1ns (secretary), Emilio Tu\u00f1\u00f3n (Gran Premio Enor 2017), Gra\u00e7a Correia, Arturo Franco y Mar\u00eda Gonz\u00e1lez. The winners will be announced in November.<\/p>\n","protected":false},"author":2,"featured_media":3331,"comment_status":"closed","ping_status":"closed","sticky":false,"template":"","format":"standard","meta":{"_acf_changed":false,"footnotes":""},"categories":[44,37],"tags":[],"class_list":["post-3767","post","type-post","status-publish","format-standard","has-post-thumbnail","hentry","category-awards","category-homepage-en"],"acf":[],"yoast_head":"<!-- This site is optimized with the Yoast SEO plugin v28.2 - https:\/\/yoast.com\/product\/yoast-seo-wordpress\/ -->\n<title>Casa em Viana do Castelo - Finalist - NUNO VALENTIM ARQUITECTURA<\/title>\n<meta name=\"robots\" content=\"index, follow, max-snippet:-1, max-image-preview:large, max-video-preview:-1\" \/>\n<link rel=\"canonical\" href=\"https:\/\/nunovalentim.com\/en\/casa-em-viana-do-castelo-finalist\/\" \/>\n<meta property=\"og:locale\" content=\"en_US\" \/>\n<meta property=\"og:type\" content=\"article\" \/>\n<meta property=\"og:title\" content=\"Casa em Viana do Castelo - Finalist - NUNO VALENTIM ARQUITECTURA\" \/>\n<meta property=\"og:description\" content=\"The Viana do Castelo House is among the 18 finalists for the Premio de Arquitectura Ascensores Enor 2020. The jury includes Carlos Seoane (president), Carlos Quint\u00e1ns (secretary), Emilio Tu\u00f1\u00f3n (Gran Premio Enor 2017), Gra\u00e7a Correia, Arturo Franco y Mar\u00eda Gonz\u00e1lez. The winners will be announced in November.\" \/>\n<meta property=\"og:url\" content=\"https:\/\/nunovalentim.com\/en\/casa-em-viana-do-castelo-finalist\/\" \/>\n<meta property=\"og:site_name\" content=\"NUNO VALENTIM ARQUITECTURA\" \/>\n<meta property=\"article:published_time\" content=\"2021-04-26T17:35:36+00:00\" \/>\n<meta property=\"article:modified_time\" content=\"2024-03-13T09:51:16+00:00\" \/>\n<meta property=\"og:image\" content=\"https:\/\/nunovalentim.com\/wp-content\/uploads\/2020\/04\/NunoValentim_CasaViana-ENOR2020-022_JFFQ019844.jpg\" \/>\n\t<meta property=\"og:image:width\" content=\"2000\" \/>\n\t<meta property=\"og:image:height\" content=\"1333\" \/>\n\t<meta property=\"og:image:type\" content=\"image\/jpeg\" \/>\n<meta name=\"author\" content=\"Editor website Atelier\" \/>\n<meta name=\"twitter:card\" content=\"summary_large_image\" \/>\n<meta name=\"twitter:label1\" content=\"Written by\" \/>\n\t<meta name=\"twitter:data1\" content=\"Editor website Atelier\" \/>\n<script type=\"application\/ld+json\" class=\"yoast-schema-graph\">{\"@context\":\"https:\\\/\\\/schema.org\",\"@graph\":[{\"@type\":\"Article\",\"@id\":\"https:\\\/\\\/nunovalentim.com\\\/en\\\/casa-em-viana-do-castelo-finalist\\\/#article\",\"isPartOf\":{\"@id\":\"https:\\\/\\\/nunovalentim.com\\\/en\\\/casa-em-viana-do-castelo-finalist\\\/\"},\"author\":{\"name\":\"Editor website Atelier\",\"@id\":\"https:\\\/\\\/nunovalentim.com\\\/#\\\/schema\\\/person\\\/2e1bb59374b5225c8bdef4bc29aaa529\"},\"headline\":\"Casa em Viana do Castelo &#8211; Finalist\",\"datePublished\":\"2021-04-26T17:35:36+00:00\",\"dateModified\":\"2024-03-13T09:51:16+00:00\",\"mainEntityOfPage\":{\"@id\":\"https:\\\/\\\/nunovalentim.com\\\/en\\\/casa-em-viana-do-castelo-finalist\\\/\"},\"wordCount\":56,\"image\":{\"@id\":\"https:\\\/\\\/nunovalentim.com\\\/en\\\/casa-em-viana-do-castelo-finalist\\\/#primaryimage\"},\"thumbnailUrl\":\"https:\\\/\\\/nunovalentim.com\\\/wp-content\\\/uploads\\\/2020\\\/04\\\/NunoValentim_CasaViana-ENOR2020-022_JFFQ019844.jpg\",\"articleSection\":[\"Awards\",\"HOMEPAGE\"],\"inLanguage\":\"en-US\"},{\"@type\":\"WebPage\",\"@id\":\"https:\\\/\\\/nunovalentim.com\\\/en\\\/casa-em-viana-do-castelo-finalist\\\/\",\"url\":\"https:\\\/\\\/nunovalentim.com\\\/en\\\/casa-em-viana-do-castelo-finalist\\\/\",\"name\":\"Casa em Viana do Castelo - Finalist - NUNO VALENTIM ARQUITECTURA\",\"isPartOf\":{\"@id\":\"https:\\\/\\\/nunovalentim.com\\\/#website\"},\"primaryImageOfPage\":{\"@id\":\"https:\\\/\\\/nunovalentim.com\\\/en\\\/casa-em-viana-do-castelo-finalist\\\/#primaryimage\"},\"image\":{\"@id\":\"https:\\\/\\\/nunovalentim.com\\\/en\\\/casa-em-viana-do-castelo-finalist\\\/#primaryimage\"},\"thumbnailUrl\":\"https:\\\/\\\/nunovalentim.com\\\/wp-content\\\/uploads\\\/2020\\\/04\\\/NunoValentim_CasaViana-ENOR2020-022_JFFQ019844.jpg\",\"datePublished\":\"2021-04-26T17:35:36+00:00\",\"dateModified\":\"2024-03-13T09:51:16+00:00\",\"author\":{\"@id\":\"https:\\\/\\\/nunovalentim.com\\\/#\\\/schema\\\/person\\\/2e1bb59374b5225c8bdef4bc29aaa529\"},\"breadcrumb\":{\"@id\":\"https:\\\/\\\/nunovalentim.com\\\/en\\\/casa-em-viana-do-castelo-finalist\\\/#breadcrumb\"},\"inLanguage\":\"en-US\",\"potentialAction\":[{\"@type\":\"ReadAction\",\"target\":[\"https:\\\/\\\/nunovalentim.com\\\/en\\\/casa-em-viana-do-castelo-finalist\\\/\"]}]},{\"@type\":\"ImageObject\",\"inLanguage\":\"en-US\",\"@id\":\"https:\\\/\\\/nunovalentim.com\\\/en\\\/casa-em-viana-do-castelo-finalist\\\/#primaryimage\",\"url\":\"https:\\\/\\\/nunovalentim.com\\\/wp-content\\\/uploads\\\/2020\\\/04\\\/NunoValentim_CasaViana-ENOR2020-022_JFFQ019844.jpg\",\"contentUrl\":\"https:\\\/\\\/nunovalentim.com\\\/wp-content\\\/uploads\\\/2020\\\/04\\\/NunoValentim_CasaViana-ENOR2020-022_JFFQ019844.jpg\",\"width\":2000,\"height\":1333,\"caption\":\"Single-family House\"},{\"@type\":\"BreadcrumbList\",\"@id\":\"https:\\\/\\\/nunovalentim.com\\\/en\\\/casa-em-viana-do-castelo-finalist\\\/#breadcrumb\",\"itemListElement\":[{\"@type\":\"ListItem\",\"position\":1,\"name\":\"In\u00edcio\",\"item\":\"https:\\\/\\\/nunovalentim.com\\\/en\\\/home\\\/\"},{\"@type\":\"ListItem\",\"position\":2,\"name\":\"Casa em Viana do Castelo &#8211; Finalist\"}]},{\"@type\":\"WebSite\",\"@id\":\"https:\\\/\\\/nunovalentim.com\\\/#website\",\"url\":\"https:\\\/\\\/nunovalentim.com\\\/\",\"name\":\"NUNO VALENTIM ARQUITECTURA\",\"description\":\"Architectural strategies for complex realities. A Porto based atelier.\",\"potentialAction\":[{\"@type\":\"SearchAction\",\"target\":{\"@type\":\"EntryPoint\",\"urlTemplate\":\"https:\\\/\\\/nunovalentim.com\\\/?s={search_term_string}\"},\"query-input\":{\"@type\":\"PropertyValueSpecification\",\"valueRequired\":true,\"valueName\":\"search_term_string\"}}],\"inLanguage\":\"en-US\"},{\"@type\":\"Person\",\"@id\":\"https:\\\/\\\/nunovalentim.com\\\/#\\\/schema\\\/person\\\/2e1bb59374b5225c8bdef4bc29aaa529\",\"name\":\"Editor website Atelier\",\"image\":{\"@type\":\"ImageObject\",\"inLanguage\":\"en-US\",\"@id\":\"https:\\\/\\\/secure.gravatar.com\\\/avatar\\\/70786c101470d68c3b204e5171d03183653a4e7301599d6454f8dfe51362b165?s=96&d=mm&r=g\",\"url\":\"https:\\\/\\\/secure.gravatar.com\\\/avatar\\\/70786c101470d68c3b204e5171d03183653a4e7301599d6454f8dfe51362b165?s=96&d=mm&r=g\",\"contentUrl\":\"https:\\\/\\\/secure.gravatar.com\\\/avatar\\\/70786c101470d68c3b204e5171d03183653a4e7301599d6454f8dfe51362b165?s=96&d=mm&r=g\",\"caption\":\"Editor website Atelier\"},\"url\":\"https:\\\/\\\/nunovalentim.com\\\/en\\\/author\\\/nunovalentim\\\/\"}]}<\/script>\n<!-- \/ Yoast SEO plugin. -->","yoast_head_json":{"title":"Casa em Viana do Castelo - Finalist - NUNO VALENTIM ARQUITECTURA","robots":{"index":"index","follow":"follow","max-snippet":"max-snippet:-1","max-image-preview":"max-image-preview:large","max-video-preview":"max-video-preview:-1"},"canonical":"https:\/\/nunovalentim.com\/en\/casa-em-viana-do-castelo-finalist\/","og_locale":"en_US","og_type":"article","og_title":"Casa em Viana do Castelo - Finalist - NUNO VALENTIM ARQUITECTURA","og_description":"The Viana do Castelo House is among the 18 finalists for the Premio de Arquitectura Ascensores Enor 2020. The jury includes Carlos Seoane (president), Carlos Quint\u00e1ns (secretary), Emilio Tu\u00f1\u00f3n (Gran Premio Enor 2017), Gra\u00e7a Correia, Arturo Franco y Mar\u00eda Gonz\u00e1lez. The winners will be announced in November.","og_url":"https:\/\/nunovalentim.com\/en\/casa-em-viana-do-castelo-finalist\/","og_site_name":"NUNO VALENTIM ARQUITECTURA","article_published_time":"2021-04-26T17:35:36+00:00","article_modified_time":"2024-03-13T09:51:16+00:00","og_image":[{"width":2000,"height":1333,"url":"https:\/\/nunovalentim.com\/wp-content\/uploads\/2020\/04\/NunoValentim_CasaViana-ENOR2020-022_JFFQ019844.jpg","type":"image\/jpeg"}],"author":"Editor website Atelier","twitter_card":"summary_large_image","twitter_misc":{"Written by":"Editor website Atelier"},"schema":{"@context":"https:\/\/schema.org","@graph":[{"@type":"Article","@id":"https:\/\/nunovalentim.com\/en\/casa-em-viana-do-castelo-finalist\/#article","isPartOf":{"@id":"https:\/\/nunovalentim.com\/en\/casa-em-viana-do-castelo-finalist\/"},"author":{"name":"Editor website Atelier","@id":"https:\/\/nunovalentim.com\/#\/schema\/person\/2e1bb59374b5225c8bdef4bc29aaa529"},"headline":"Casa em Viana do Castelo &#8211; Finalist","datePublished":"2021-04-26T17:35:36+00:00","dateModified":"2024-03-13T09:51:16+00:00","mainEntityOfPage":{"@id":"https:\/\/nunovalentim.com\/en\/casa-em-viana-do-castelo-finalist\/"},"wordCount":56,"image":{"@id":"https:\/\/nunovalentim.com\/en\/casa-em-viana-do-castelo-finalist\/#primaryimage"},"thumbnailUrl":"https:\/\/nunovalentim.com\/wp-content\/uploads\/2020\/04\/NunoValentim_CasaViana-ENOR2020-022_JFFQ019844.jpg","articleSection":["Awards","HOMEPAGE"],"inLanguage":"en-US"},{"@type":"WebPage","@id":"https:\/\/nunovalentim.com\/en\/casa-em-viana-do-castelo-finalist\/","url":"https:\/\/nunovalentim.com\/en\/casa-em-viana-do-castelo-finalist\/","name":"Casa em Viana do Castelo - Finalist - NUNO VALENTIM ARQUITECTURA","isPartOf":{"@id":"https:\/\/nunovalentim.com\/#website"},"primaryImageOfPage":{"@id":"https:\/\/nunovalentim.com\/en\/casa-em-viana-do-castelo-finalist\/#primaryimage"},"image":{"@id":"https:\/\/nunovalentim.com\/en\/casa-em-viana-do-castelo-finalist\/#primaryimage"},"thumbnailUrl":"https:\/\/nunovalentim.com\/wp-content\/uploads\/2020\/04\/NunoValentim_CasaViana-ENOR2020-022_JFFQ019844.jpg","datePublished":"2021-04-26T17:35:36+00:00","dateModified":"2024-03-13T09:51:16+00:00","author":{"@id":"https:\/\/nunovalentim.com\/#\/schema\/person\/2e1bb59374b5225c8bdef4bc29aaa529"},"breadcrumb":{"@id":"https:\/\/nunovalentim.com\/en\/casa-em-viana-do-castelo-finalist\/#breadcrumb"},"inLanguage":"en-US","potentialAction":[{"@type":"ReadAction","target":["https:\/\/nunovalentim.com\/en\/casa-em-viana-do-castelo-finalist\/"]}]},{"@type":"ImageObject","inLanguage":"en-US","@id":"https:\/\/nunovalentim.com\/en\/casa-em-viana-do-castelo-finalist\/#primaryimage","url":"https:\/\/nunovalentim.com\/wp-content\/uploads\/2020\/04\/NunoValentim_CasaViana-ENOR2020-022_JFFQ019844.jpg","contentUrl":"https:\/\/nunovalentim.com\/wp-content\/uploads\/2020\/04\/NunoValentim_CasaViana-ENOR2020-022_JFFQ019844.jpg","width":2000,"height":1333,"caption":"Single-family House"},{"@type":"BreadcrumbList","@id":"https:\/\/nunovalentim.com\/en\/casa-em-viana-do-castelo-finalist\/#breadcrumb","itemListElement":[{"@type":"ListItem","position":1,"name":"In\u00edcio","item":"https:\/\/nunovalentim.com\/en\/home\/"},{"@type":"ListItem","position":2,"name":"Casa em Viana do Castelo &#8211; Finalist"}]},{"@type":"WebSite","@id":"https:\/\/nunovalentim.com\/#website","url":"https:\/\/nunovalentim.com\/","name":"NUNO VALENTIM ARQUITECTURA","description":"Architectural strategies for complex realities. A Porto based atelier.","potentialAction":[{"@type":"SearchAction","target":{"@type":"EntryPoint","urlTemplate":"https:\/\/nunovalentim.com\/?s={search_term_string}"},"query-input":{"@type":"PropertyValueSpecification","valueRequired":true,"valueName":"search_term_string"}}],"inLanguage":"en-US"},{"@type":"Person","@id":"https:\/\/nunovalentim.com\/#\/schema\/person\/2e1bb59374b5225c8bdef4bc29aaa529","name":"Editor website Atelier","image":{"@type":"ImageObject","inLanguage":"en-US","@id":"https:\/\/secure.gravatar.com\/avatar\/70786c101470d68c3b204e5171d03183653a4e7301599d6454f8dfe51362b165?s=96&d=mm&r=g","url":"https:\/\/secure.gravatar.com\/avatar\/70786c101470d68c3b204e5171d03183653a4e7301599d6454f8dfe51362b165?s=96&d=mm&r=g","contentUrl":"https:\/\/secure.gravatar.com\/avatar\/70786c101470d68c3b204e5171d03183653a4e7301599d6454f8dfe51362b165?s=96&d=mm&r=g","caption":"Editor website Atelier"},"url":"https:\/\/nunovalentim.com\/en\/author\/nunovalentim\/"}]}},"_links":{"self":[{"href":"https:\/\/nunovalentim.com\/en\/wp-json\/wp\/v2\/posts\/3767","targetHints":{"allow":["GET"]}}],"collection":[{"href":"https:\/\/nunovalentim.com\/en\/wp-json\/wp\/v2\/posts"}],"about":[{"href":"https:\/\/nunovalentim.com\/en\/wp-json\/wp\/v2\/types\/post"}],"author":[{"embeddable":true,"href":"https:\/\/nunovalentim.com\/en\/wp-json\/wp\/v2\/users\/2"}],"replies":[{"embeddable":true,"href":"https:\/\/nunovalentim.com\/en\/wp-json\/wp\/v2\/comments?post=3767"}],"version-history":[{"count":1,"href":"https:\/\/nunovalentim.com\/en\/wp-json\/wp\/v2\/posts\/3767\/revisions"}],"predecessor-version":[{"id":5459,"href":"https:\/\/nunovalentim.com\/en\/wp-json\/wp\/v2\/posts\/3767\/revisions\/5459"}],"wp:featuredmedia":[{"embeddable":true,"href":"https:\/\/nunovalentim.com\/en\/wp-json\/wp\/v2\/media\/3331"}],"wp:attachment":[{"href":"https:\/\/nunovalentim.com\/en\/wp-json\/wp\/v2\/media?parent=3767"}],"wp:term":[{"taxonomy":"category","embeddable":true,"href":"https:\/\/nunovalentim.com\/en\/wp-json\/wp\/v2\/categories?post=3767"},{"taxonomy":"post_tag","embeddable":true,"href":"https:\/\/nunovalentim.com\/en\/wp-json\/wp\/v2\/tags?post=3767"}],"curies":[{"name":"wp","href":"https:\/\/api.w.org\/{rel}","templated":true}]}}